{"id":595,"date":"2022-05-30T17:15:21","date_gmt":"2022-05-30T15:15:21","guid":{"rendered":"https:\/\/anaisduchet.com\/2022\/05\/30\/%f0%9f%92%99-magnifique-film-de-f\/"},"modified":"2022-05-30T17:15:21","modified_gmt":"2022-05-30T15:15:21","slug":"%f0%9f%92%99-magnifique-film-de-f","status":"publish","type":"post","link":"https:\/\/anaisduchet.com\/en\/2022\/05\/30\/%f0%9f%92%99-magnifique-film-de-f\/","title":{"rendered":"\ud83d\udc99 Magnifique film de f&#8230;"},"content":{"rendered":"<p>\ud83d\udc99 Magnifique film de fin de la Quinzaine des R\u00e9alisateurs 2022, r\u00e9alis\u00e9 pat Pierre Martinet, Morgane Pottier, Thibaud Larrieu-Gibier.<br \/>\nPour revivre l\u2019esprit et les moments forts de cette \u00e9dition encore une fois intense \ud83d\udc99<\/p>\n","protected":false},"excerpt":{"rendered":"<p>\ud83d\udc99 Magnifique film de fin de la Quinzaine des R\u00e9alisateurs 2022, r\u00e9alis\u00e9 pat Pierre Martinet, Morgane Pottier, Thibaud Larrieu-Gibier. Pour revivre l\u2019esprit et les moments forts de cette \u00e9dition encore une fois intense \ud83d\udc99<\/p>\n","protected":false},"author":0,"featured_media":0,"comment_status":"open","ping_status":"open","sticky":false,"template":"","format":"standard","meta":{"footnotes":""},"categories":[3],"tags":[],"class_list":["post-595","post","type-post","status-publish","format-standard","hentry","category-facebook"],"_links":{"self":[{"href":"https:\/\/anaisduchet.com\/en\/wp-json\/wp\/v2\/posts\/595","targetHints":{"allow":["GET"]}}],"collection":[{"href":"https:\/\/anaisduchet.com\/en\/wp-json\/wp\/v2\/posts"}],"about":[{"href":"https:\/\/anaisduchet.com\/en\/wp-json\/wp\/v2\/types\/post"}],"replies":[{"embeddable":true,"href":"https:\/\/anaisduchet.com\/en\/wp-json\/wp\/v2\/comments?post=595"}],"version-history":[{"count":0,"href":"https:\/\/anaisduchet.com\/en\/wp-json\/wp\/v2\/posts\/595\/revisions"}],"wp:attachment":[{"href":"https:\/\/anaisduchet.com\/en\/wp-json\/wp\/v2\/media?parent=595"}],"wp:term":[{"taxonomy":"category","embeddable":true,"href":"https:\/\/anaisduchet.com\/en\/wp-json\/wp\/v2\/categories?post=595"},{"taxonomy":"post_tag","embeddable":true,"href":"https:\/\/anaisduchet.com\/en\/wp-json\/wp\/v2\/tags?post=595"}],"curies":[{"name":"wp","href":"https:\/\/api.w.org\/{rel}","templated":true}]}}